{"id":4052,"date":"2020-06-05T10:27:49","date_gmt":"2020-06-05T10:27:49","guid":{"rendered":"https:\/\/baustark-stahlbauhaus.de\/?p=4052"},"modified":"2024-03-08T10:18:41","modified_gmt":"2024-03-08T10:18:41","slug":"aufstockung-eines-einfamilienhaus-in-wiesbaden","status":"publish","type":"post","link":"https:\/\/www.baustark-stahlbauhaus.de\/lan_de\/2020\/06\/05\/aufstockung-eines-einfamilienhaus-in-wiesbaden\/","title":{"rendered":"AUFSTOCKUNG EINES EINFAMILIENHAUS IN WIESBADEN"},"content":{"rendered":"<div class=\"wpb-content-wrapper\"><div class=\"vc_row wpb_row vc_row-fluid\" ><div class=\"wpb_column vc_column_container vc_col-sm-12\"><div class=\"vc_column-inner\"><div class=\"wpb_wrapper\"><div  class=\"vc_wp_text wpb_content_element\"><div class=\"widget widget_text\">\t\t\t<div class=\"textwidget\"><p>Aufstockung eines Einfamilienwohnhausesin Wiesbaden.<br \/>\nDas zweist\u00f6ckige Wohnhaus wurde mit einem Dachgeschoss, mit gro\u00dfz\u00fcgiger Dachterrasse aufgestockt. Die Aufstockung erfolgte im Rahmen der zul\u00e4ssigen bauordnungs- und planungsrechtlichen Bedingungen.<br \/>\nDie Aufstockung dient der Erweiterung der bestehenden Wohneinheit im EG und OG.<br \/>\nDie Aufstockung erfolgte in zwei Tagen mit zwei Modulen.<br \/>\nDie Nutzung entspricht mit einer Sauna, einem Dampfbad, einem Whirlpool sowie gro\u00dfz\u00fcgigen Rekreationsfl\u00e4chen den Anforderungen modernen hochwertigen Wohnens.<br \/>\n9 Gauben mit einem Zugang zu einer weiteren Terrasse bilden Fenster sowie Ausstiegsm\u00f6glichkeiten.<br \/>\nGedeckt wurde in Schiefer mit einer lackierten Gaubendeckungder Marke PREFA.<br \/>\nNadel\u00f6hr war der Schornstein, welches durch das erste Modul gef\u00fchrt um anschlie\u00dfend 2 Meter \u00fcber Dachterrassenbodenniveau gemauert zu wurden.<br \/>\nDie Fertigstellungsarbeiten nach Modulstellung betrugen 3 weitere Arbeitstage.<\/p>\n<p>\u00a0<\/p>\n<\/div>\n\t\t<\/div><\/div><\/div><\/div><\/div><\/div><div class=\"vc_row wpb_row vc_row-fluid\" ><div class=\"wpb_column vc_column_container vc_col-sm-4\"><div class=\"vc_column-inner\"><div class=\"wpb_wrapper\"><div class=\"mkdf-image-with-text-holder\">\n    <div class=\"mkdf-iwt-image\">\n                                    <img loading=\"lazy\" decoding=\"async\" width=\"300\" height=\"225\" src=\"https:\/\/www.baustark-stahlbauhaus.de\/wp-content\/uploads\/2-300x225.jpg\" class=\"attachment-medium size-medium\" alt=\"\" srcset=\"https:\/\/www.baustark-stahlbauhaus.de\/wp-content\/uploads\/2-300x225.jpg 300w, https:\/\/www.baustark-stahlbauhaus.de\/wp-content\/uploads\/2-768x576.jpg 768w, https:\/\/www.baustark-stahlbauhaus.de\/wp-content\/uploads\/2-600x450.jpg 600w, https:\/\/www.baustark-stahlbauhaus.de\/wp-content\/uploads\/2.jpg 1000w\" sizes=\"auto, (max-width: 300px) 100vw, 300px\" \/>                        <\/div>\n    <div class=\"mkdf-iwt-text-holder\">\n                \t\t            <p class=\"mkdf-iwt-text\" >Das erste Modul wurde auf das Dach gestellt. Die Vorarbeiten ``Bestandsdach abbauen`` sowie ``Montagerahmen f\u00fcr die Module vorbereiten`` wurden Tags zuvor erledigt.<\/p>\n            <\/div>\n    <\/div><\/div><\/div><\/div><div class=\"wpb_column vc_column_container vc_col-sm-4\"><div class=\"vc_column-inner\"><div class=\"wpb_wrapper\"><div class=\"mkdf-image-with-text-holder\">\n    <div class=\"mkdf-iwt-image\">\n                                    <img loading=\"lazy\" decoding=\"async\" width=\"300\" height=\"225\" src=\"https:\/\/www.baustark-stahlbauhaus.de\/wp-content\/uploads\/3-300x225.jpg\" class=\"attachment-medium size-medium\" alt=\"\" srcset=\"https:\/\/www.baustark-stahlbauhaus.de\/wp-content\/uploads\/3-300x225.jpg 300w, https:\/\/www.baustark-stahlbauhaus.de\/wp-content\/uploads\/3-768x576.jpg 768w, https:\/\/www.baustark-stahlbauhaus.de\/wp-content\/uploads\/3-600x450.jpg 600w, https:\/\/www.baustark-stahlbauhaus.de\/wp-content\/uploads\/3.jpg 1000w\" sizes=\"auto, (max-width: 300px) 100vw, 300px\" \/>                        <\/div>\n    <div class=\"mkdf-iwt-text-holder\">\n                \t\t            <p class=\"mkdf-iwt-text\" >Der gartenseitige Blick auf das erste Modul mit 3 gro\u00dfen Gauben.<\/p>\n            <\/div>\n    <\/div><\/div><\/div><\/div><div class=\"wpb_column vc_column_container vc_col-sm-4\"><div class=\"vc_column-inner\"><div class=\"wpb_wrapper\"><div class=\"mkdf-image-with-text-holder\">\n    <div class=\"mkdf-iwt-image\">\n                                    <img loading=\"lazy\" decoding=\"async\" width=\"300\" height=\"225\" src=\"https:\/\/www.baustark-stahlbauhaus.de\/wp-content\/uploads\/4-300x225.jpg\" class=\"attachment-medium size-medium\" alt=\"\" srcset=\"https:\/\/www.baustark-stahlbauhaus.de\/wp-content\/uploads\/4-300x225.jpg 300w, https:\/\/www.baustark-stahlbauhaus.de\/wp-content\/uploads\/4-768x576.jpg 768w, https:\/\/www.baustark-stahlbauhaus.de\/wp-content\/uploads\/4-600x450.jpg 600w, https:\/\/www.baustark-stahlbauhaus.de\/wp-content\/uploads\/4.jpg 1000w\" sizes=\"auto, (max-width: 300px) 100vw, 300px\" \/>                        <\/div>\n    <div class=\"mkdf-iwt-text-holder\">\n                \t\t            <p class=\"mkdf-iwt-text\" >Das zweite Modul steht Ende des ersten Tages noch auf dem Tieflader. Die Montagerahmen Vorarbeiten wurden am Morgen nachgebessert und verhinderten die Montage an einem einzigen Tag.<\/p>\n            <\/div>\n    <\/div><\/div><\/div><\/div><\/div><div class=\"vc_row wpb_row vc_row-fluid\" ><div class=\"wpb_column vc_column_container vc_col-sm-4\"><div class=\"vc_column-inner\"><div class=\"wpb_wrapper\"><div class=\"mkdf-image-with-text-holder\">\n    <div class=\"mkdf-iwt-image\">\n                                    <img loading=\"lazy\" decoding=\"async\" width=\"300\" height=\"225\" src=\"https:\/\/www.baustark-stahlbauhaus.de\/wp-content\/uploads\/5-300x225.jpg\" class=\"attachment-medium size-medium\" alt=\"\" srcset=\"https:\/\/www.baustark-stahlbauhaus.de\/wp-content\/uploads\/5-300x225.jpg 300w, https:\/\/www.baustark-stahlbauhaus.de\/wp-content\/uploads\/5-768x576.jpg 768w, https:\/\/www.baustark-stahlbauhaus.de\/wp-content\/uploads\/5-600x450.jpg 600w, https:\/\/www.baustark-stahlbauhaus.de\/wp-content\/uploads\/5.jpg 1000w\" sizes=\"auto, (max-width: 300px) 100vw, 300px\" \/>                        <\/div>\n    <div class=\"mkdf-iwt-text-holder\">\n                \t\t            <p class=\"mkdf-iwt-text\" >Das zweite Modul wenige Stunden sp\u00e4ter nun auch auf dem Dach<\/p>\n            <\/div>\n    <\/div><\/div><\/div><\/div><div class=\"wpb_column vc_column_container vc_col-sm-4\"><div class=\"vc_column-inner\"><div class=\"wpb_wrapper\"><div class=\"mkdf-image-with-text-holder\">\n    <div class=\"mkdf-iwt-image\">\n                                    <img loading=\"lazy\" decoding=\"async\" width=\"300\" height=\"225\" src=\"https:\/\/www.baustark-stahlbauhaus.de\/wp-content\/uploads\/6-300x225.jpg\" class=\"attachment-medium size-medium\" alt=\"\" srcset=\"https:\/\/www.baustark-stahlbauhaus.de\/wp-content\/uploads\/6-300x225.jpg 300w, https:\/\/www.baustark-stahlbauhaus.de\/wp-content\/uploads\/6-768x576.jpg 768w, https:\/\/www.baustark-stahlbauhaus.de\/wp-content\/uploads\/6-600x450.jpg 600w, https:\/\/www.baustark-stahlbauhaus.de\/wp-content\/uploads\/6.jpg 1000w\" sizes=\"auto, (max-width: 300px) 100vw, 300px\" \/>                        <\/div>\n    <div class=\"mkdf-iwt-text-holder\">\n                \t\t            <p class=\"mkdf-iwt-text\" >Am Ende des dritten Tages floss der erste Sekt &amp; Wein auf der Dachterrasse. Die Bauherren sowie alle Beteiligten gl\u00fccklich das alles ohne gravierende Probleme erfolgt ist und begeistert vom atemberaubenden neuen Ausblick auf der Dachterrasse \u00fcber ganz Wiesbaden bis nach Mainz und dar\u00fcber hinaus...<\/p>\n            <\/div>\n    <\/div><\/div><\/div><\/div><div class=\"wpb_column vc_column_container vc_col-sm-4\"><div class=\"vc_column-inner\"><div class=\"wpb_wrapper\"><\/div><\/div><\/div><\/div><!-- \/wp:post-content --><\/div>","protected":false},"excerpt":{"rendered":"Aufstockung eines Einfamilienwohnhausesin Wiesbaden. Das zweist\u00f6ckige Wohnhaus wurde mit einem Dachgeschoss, mit gro\u00dfz\u00fcgiger Dachterrasse aufgestockt. Die Aufstockung erfolgte im Rahmen der zul\u00e4ssigen bauordnungs- und planungsrechtlichen Bedingungen. Die Aufstockung dient der Erweiterung der bestehenden Wohneinheit im EG und OG. Die Aufstockung [...]","protected":false},"author":1,"featured_media":4057,"comment_status":"closed","ping_status":"closed","sticky":false,"template":"","format":"standard","meta":{"footnotes":""},"categories":[174],"tags":[],"class_list":["post-4052","post","type-post","status-publish","format-standard","has-post-thumbnail","hentry","category-blog"],"_links":{"self":[{"href":"https:\/\/www.baustark-stahlbauhaus.de\/lan_de\/wp-json\/wp\/v2\/posts\/4052","targetHints":{"allow":["GET"]}}],"collection":[{"href":"https:\/\/www.baustark-stahlbauhaus.de\/lan_de\/wp-json\/wp\/v2\/posts"}],"about":[{"href":"https:\/\/www.baustark-stahlbauhaus.de\/lan_de\/wp-json\/wp\/v2\/types\/post"}],"author":[{"embeddable":true,"href":"https:\/\/www.baustark-stahlbauhaus.de\/lan_de\/wp-json\/wp\/v2\/users\/1"}],"replies":[{"embeddable":true,"href":"https:\/\/www.baustark-stahlbauhaus.de\/lan_de\/wp-json\/wp\/v2\/comments?post=4052"}],"version-history":[{"count":9,"href":"https:\/\/www.baustark-stahlbauhaus.de\/lan_de\/wp-json\/wp\/v2\/posts\/4052\/revisions"}],"predecessor-version":[{"id":4071,"href":"https:\/\/www.baustark-stahlbauhaus.de\/lan_de\/wp-json\/wp\/v2\/posts\/4052\/revisions\/4071"}],"wp:featuredmedia":[{"embeddable":true,"href":"https:\/\/www.baustark-stahlbauhaus.de\/lan_de\/wp-json\/wp\/v2\/media\/4057"}],"wp:attachment":[{"href":"https:\/\/www.baustark-stahlbauhaus.de\/lan_de\/wp-json\/wp\/v2\/media?parent=4052"}],"wp:term":[{"taxonomy":"category","embeddable":true,"href":"https:\/\/www.baustark-stahlbauhaus.de\/lan_de\/wp-json\/wp\/v2\/categories?post=4052"},{"taxonomy":"post_tag","embeddable":true,"href":"https:\/\/www.baustark-stahlbauhaus.de\/lan_de\/wp-json\/wp\/v2\/tags?post=4052"}],"curies":[{"name":"wp","href":"https:\/\/api.w.org\/{rel}","templated":true}]}}